{"id":15588,"date":"2024-11-08T08:00:40","date_gmt":"2024-11-08T08:00:40","guid":{"rendered":"https:\/\/www.solarnrg.es\/?p=15588"},"modified":"2024-11-08T15:13:55","modified_gmt":"2024-11-08T15:13:55","slug":"ultima-oportunidad-subvencion-para-el-cargador-de-coche","status":"publish","type":"post","link":"https:\/\/www.solarnrg.es\/nl\/ultima-oportunidad-subvencion-para-el-cargador-de-coche\/","title":{"rendered":"\u00daltima oportunidad: subvenci\u00f3n para el cargador de coche"},"content":{"rendered":"<div class=\"wpb-content-wrapper\"><div data-parent=\"true\" class=\"vc_row row-container\" id=\"row-unique-0\"><div class=\"row limit-width row-parent\"><div class=\"wpb_row row-inner\"><div class=\"wpb_column pos-top pos-center align_left column_parent col-lg-12 single-internal-gutter\"><div class=\"uncol style-light\"  ><div class=\"uncoltable\"><div class=\"uncell no-block-padding\" ><div class=\"uncont\" ><div class=\"uncode_text_column\" ><\/p>\n<h2><strong>Cargue su veh\u00edculo el\u00e9ctrico con energ\u00eda solar<\/strong><\/h2>\n<p>\n<\/div><div class=\"uncode_text_column\" ><p>El impulso mundial para reducir las emisiones de carbono es uno de los principales impulsores de la creciente popularidad de los veh\u00edculos el\u00e9ctricos. Los gobiernos de todo el mundo est\u00e1n implementando regulaciones de emisiones m\u00e1s estrictas, fomentando la compra de veh\u00edculos el\u00e9ctricos e invirtiendo en infraestructura para crear un ecosistema de movilidad el\u00e9ctrica m\u00e1s s\u00f3lido. En muchas regiones, los precios del combustible tambi\u00e9n son un factor que contribuye, lo que hace que los veh\u00edculos el\u00e9ctricos sean una alternativa atractiva y rentable. Como resultado, la propiedad de veh\u00edculos el\u00e9ctricos se est\u00e1 volviendo cada vez m\u00e1s popular, al igual que la energ\u00eda solar.<\/p>\n<\/div><\/div><\/div><\/div><\/div><\/div><script id=\"script-row-unique-0\" data-row=\"script-row-unique-0\" type=\"text\/javascript\" class=\"vc_controls\">UNCODE.initRow(document.getElementById(\"row-unique-0\"));<\/script><\/div><\/div><\/div><div data-parent=\"true\" class=\"vc_row row-container\" id=\"row-unique-1\"><div class=\"row limit-width row-parent\"><div class=\"wpb_row row-inner\"><div class=\"wpb_column pos-top pos-center align_left column_parent col-lg-8 single-internal-gutter\"><div class=\"uncol style-light\"  ><div class=\"uncoltable\"><div class=\"uncell no-block-padding\" ><div class=\"uncont\" ><div class=\"uncode_text_column\" ><\/p>\n<h3><strong>Su propia estaci\u00f3n de carga.<\/strong><\/h3>\n<p>Generar su propia electricidad con paneles solares puede compensar el costo de cargar su veh\u00edculo el\u00e9ctrico. Instalar una estaci\u00f3n de carga en el hogar para su autom\u00f3vil el\u00e9ctrico facilita la carga. La energ\u00eda producida durante el d\u00eda puede alimentar su hogar y cargar su autom\u00f3vil el\u00e9ctrico sin ning\u00fan costo adicional de su proveedor de energ\u00eda. El ahorro puede cambiar la forma en que piensa sobre los costos de transporte.<\/p>\n<\/div><\/div><\/div><\/div><\/div><\/div><div class=\"wpb_column pos-top pos-center align_left column_parent col-lg-4 single-internal-gutter\"><div class=\"uncol style-light\"  ><div class=\"uncoltable\"><div class=\"uncell no-block-padding\" ><div class=\"uncont\" ><div class=\"divider-wrapper\"  >\n    <hr class=\"unseparator border-color-vyce-color separator-no-padding\"  \/>\n<\/div>\n<div class=\"uncode-single-media  text-left\"><div class=\"single-wrapper\" style=\"max-width: 100%;\"><div class=\"tmb tmb-light  tmb-media-first tmb-media-last tmb-content-overlay tmb-no-bg\"><div class=\"t-inside\"><div class=\"t-entry-visual\"><div class=\"t-entry-visual-tc\"><div class=\"uncode-single-media-wrapper\"><img decoding=\"async\" class=\"wp-image-15569\" src=\"https:\/\/www.solarnrg.es\/wp-content\/uploads\/2024\/11\/Imagen-de-WhatsApp-2024-11-06-a-las-15.53.55_08841a6f.jpg\" width=\"1200\" height=\"1600\" alt=\"carcharger\" srcset=\"https:\/\/www.solarnrg.es\/wp-content\/uploads\/2024\/11\/Imagen-de-WhatsApp-2024-11-06-a-las-15.53.55_08841a6f.jpg 1200w, https:\/\/www.solarnrg.es\/wp-content\/uploads\/2024\/11\/Imagen-de-WhatsApp-2024-11-06-a-las-15.53.55_08841a6f-225x300.jpg 225w, https:\/\/www.solarnrg.es\/wp-content\/uploads\/2024\/11\/Imagen-de-WhatsApp-2024-11-06-a-las-15.53.55_08841a6f-768x1024.jpg 768w, https:\/\/www.solarnrg.es\/wp-content\/uploads\/2024\/11\/Imagen-de-WhatsApp-2024-11-06-a-las-15.53.55_08841a6f-1152x1536.jpg 1152w, https:\/\/www.solarnrg.es\/wp-content\/uploads\/2024\/11\/Imagen-de-WhatsApp-2024-11-06-a-las-15.53.55_08841a6f-9x12.jpg 9w, https:\/\/www.solarnrg.es\/wp-content\/uploads\/2024\/11\/Imagen-de-WhatsApp-2024-11-06-a-las-15.53.55_08841a6f-350x467.jpg 350w\" sizes=\"(max-width: 1200px) 100vw, 1200px\" \/><\/div>\n\t\t\t\t\t<\/div>\n\t\t\t\t<\/div><\/div><\/div><\/div><\/div><div class=\"divider-wrapper\"  >\n    <hr class=\"unseparator border-color-vyce-color separator-no-padding\"  \/>\n<\/div>\n<\/div><\/div><\/div><\/div><\/div><script id=\"script-row-unique-1\" data-row=\"script-row-unique-1\" type=\"text\/javascript\" class=\"vc_controls\">UNCODE.initRow(document.getElementById(\"row-unique-1\"));<\/script><\/div><\/div><\/div><div data-parent=\"true\" class=\"vc_row row-container\" id=\"row-unique-2\"><div class=\"row limit-width row-parent\"><div class=\"wpb_row row-inner\"><div class=\"wpb_column pos-top pos-center align_left column_parent col-lg-12 single-internal-gutter\"><div class=\"uncol style-light\"  ><div class=\"uncoltable\"><div class=\"uncell no-block-padding\" ><div class=\"uncont\" ><div class=\"uncode_text_column\" ><\/p>\n<h3>Consigue tu subvenci\u00f3n<\/h3>\n<p>Tambi\u00e9n es posible solicitar subvenciones<strong>*<\/strong>. La subvenci\u00f3n m\u00e1xima que puede recibir es de hasta el 70% del monto de la inversi\u00f3n. Este subsidio hace que instalar un cargador para el autom\u00f3vil sea a\u00fan m\u00e1s interesante, pero \u00a1cuidado! La solicitud de subsidio a\u00fan se puede presentar hasta el 31 de diciembre de 2024.<\/p>\n<\/div><div class=\"uncode_text_column\" ><p>En <mark><strong>SolarNRG<\/strong><\/mark>, creemos que cada paso hacia la sostenibilidad cuenta y que tener un veh\u00edculo el\u00e9ctrico es un paso importante en la direcci\u00f3n correcta. Cuando se combina con un sistema de energ\u00eda solar, los beneficios se multiplican: su hogar se convierte en un centro de energ\u00eda limpia y vida responsable con el medio ambiente, y usted ahorra en costos.<\/p>\n<p>Si est\u00e1 listo para descubrir c\u00f3mo la energ\u00eda solar puede mejorar su experiencia como propietario de un veh\u00edculo el\u00e9ctrico, <a href=\"https:\/\/www.solarnrg.es\/es\/contacto\/\">cont\u00e1ctenos<\/a>.<\/p>\n<\/div><div class=\"divider-wrapper\"  >\n    <hr class=\"unseparator border-color-vyce-color separator-no-padding\"  \/>\n<\/div>\n<div class=\"uncode_text_column\" ><\/p>\n<h6><strong><em>*<\/em><\/strong><strong><em>Es necesario ser residente fiscal en Espa\u00f1a para poder optar a la subvenci\u00f3n.<\/em><\/strong><\/h6>\n<p>\n<\/div><\/div><\/div><\/div><\/div><\/div><script id=\"script-row-unique-2\" data-row=\"script-row-unique-2\" type=\"text\/javascript\" class=\"vc_controls\">UNCODE.initRow(document.getElementById(\"row-unique-2\"));<\/script><\/div><\/div><\/div>\n<\/div>","protected":false},"excerpt":{"rendered":"Cargue su veh\u00edculo el\u00e9ctrico con energ\u00eda solar El impulso mundial para reducir las emisiones de carbono es uno de los [...]","protected":false},"author":4,"featured_media":15570,"comment_status":"closed","ping_status":"closed","sticky":false,"template":"","format":"standard","meta":{"iawp_total_views":4,"footnotes":""},"categories":[19],"tags":[32,33,43,44,109,145,149,150,151,152],"class_list":["post-15588","post","type-post","status-publish","format-standard","has-post-thumbnail","hentry","category-news-es","tag-solar-energy","tag-solar-panels","tag-solarnrg","tag-go-solar","tag-save-with-solar","tag-expand","tag-electric-car","tag-ev","tag-electric-vehicle","tag-car-charger"],"aioseo_notices":[],"_links":{"self":[{"href":"https:\/\/www.solarnrg.es\/nl\/wp-json\/wp\/v2\/posts\/15588","targetHints":{"allow":["GET"]}}],"collection":[{"href":"https:\/\/www.solarnrg.es\/nl\/wp-json\/wp\/v2\/posts"}],"about":[{"href":"https:\/\/www.solarnrg.es\/nl\/wp-json\/wp\/v2\/types\/post"}],"author":[{"embeddable":true,"href":"https:\/\/www.solarnrg.es\/nl\/wp-json\/wp\/v2\/users\/4"}],"replies":[{"embeddable":true,"href":"https:\/\/www.solarnrg.es\/nl\/wp-json\/wp\/v2\/comments?post=15588"}],"version-history":[{"count":2,"href":"https:\/\/www.solarnrg.es\/nl\/wp-json\/wp\/v2\/posts\/15588\/revisions"}],"predecessor-version":[{"id":15590,"href":"https:\/\/www.solarnrg.es\/nl\/wp-json\/wp\/v2\/posts\/15588\/revisions\/15590"}],"wp:featuredmedia":[{"embeddable":true,"href":"https:\/\/www.solarnrg.es\/nl\/wp-json\/wp\/v2\/media\/15570"}],"wp:attachment":[{"href":"https:\/\/www.solarnrg.es\/nl\/wp-json\/wp\/v2\/media?parent=15588"}],"wp:term":[{"taxonomy":"category","embeddable":true,"href":"https:\/\/www.solarnrg.es\/nl\/wp-json\/wp\/v2\/categories?post=15588"},{"taxonomy":"post_tag","embeddable":true,"href":"https:\/\/www.solarnrg.es\/nl\/wp-json\/wp\/v2\/tags?post=15588"}],"curies":[{"name":"wp","href":"https:\/\/api.w.org\/{rel}","templated":true}]}}