{"id":12682,"date":"2022-10-31T18:05:10","date_gmt":"2022-10-31T17:05:10","guid":{"rendered":"https:\/\/solarnrg.es\/?p=12682"},"modified":"2023-06-21T16:59:34","modified_gmt":"2023-06-21T15:59:34","slug":"su-factura-de-luz","status":"publish","type":"post","link":"https:\/\/www.solarnrg.es\/nl\/su-factura-de-luz\/","title":{"rendered":"Su factura de luz"},"content":{"rendered":"<div class=\"wpb-content-wrapper\"><div data-parent=\"true\" class=\"vc_row row-container\" id=\"row-unique-0\"><div class=\"row limit-width row-parent\"><div class=\"wpb_row row-inner\"><div class=\"wpb_column pos-top pos-center align_left column_parent col-lg-12 single-internal-gutter\"><div class=\"uncol style-light\"  ><div class=\"uncoltable\"><div class=\"uncell no-block-padding\" ><div class=\"uncont\" ><div class=\"uncode_text_column\" ><p>Siempre solicitamos la factura de la luz para realizar un presupuesto a medida de un sistema de energ\u00eda solar. Una factura proporciona informaci\u00f3n sobre su uso, el precio que paga por kWh y qu\u00e9 conexi\u00f3n de fase tiene (mono o trif\u00e1sica).<\/p>\n<p>En este blog puedes leer m\u00e1s sobre los componentes que tienen que ver con las instalaciones de energ\u00eda solar, y en especial despu\u00e9s de la instalaci\u00f3n de paneles solares como la compensaci\u00f3n por autoconsumo.<\/p>\n<p>Tambi\u00e9n te informamos del \u00faltimo cambio con respecto al precio del gas, que tambi\u00e9n afecta a su factura de la luz.<\/p>\n<\/div><\/div><\/div><\/div><\/div><\/div><script id=\"script-row-unique-0\" data-row=\"script-row-unique-0\" type=\"text\/javascript\" class=\"vc_controls\">UNCODE.initRow(document.getElementById(\"row-unique-0\"));<\/script><\/div><\/div><\/div><div data-parent=\"true\" class=\"vc_row row-container\" id=\"row-unique-1\"><div class=\"row limit-width row-parent\"><div class=\"wpb_row row-inner\"><div class=\"wpb_column pos-top pos-center align_left column_parent col-lg-3 single-internal-gutter\"><div class=\"uncol style-light\"  ><div class=\"uncoltable\"><div class=\"uncell no-block-padding\" ><div class=\"uncont\" ><\/div><\/div><\/div><\/div><\/div><div class=\"wpb_column pos-top pos-center align_left column_parent col-lg-6 single-internal-gutter\"><div class=\"uncol style-light\"  ><div class=\"uncoltable\"><div class=\"uncell no-block-padding\" ><div class=\"uncont\" ><div class=\"uncode_text_column\" ><\/p>\n<hr \/>\n<p>\n<\/div><\/div><\/div><\/div><\/div><\/div><div class=\"wpb_column pos-top pos-center align_left column_parent col-lg-3 single-internal-gutter\"><div class=\"uncol style-light\"  ><div class=\"uncoltable\"><div class=\"uncell no-block-padding\" ><div class=\"uncont\" ><\/div><\/div><\/div><\/div><\/div><script id=\"script-row-unique-1\" data-row=\"script-row-unique-1\" type=\"text\/javascript\" class=\"vc_controls\">UNCODE.initRow(document.getElementById(\"row-unique-1\"));<\/script><\/div><\/div><\/div><div data-parent=\"true\" class=\"vc_row row-container\" id=\"row-unique-2\"><div class=\"row limit-width row-parent\"><div class=\"wpb_row row-inner\"><div class=\"wpb_column pos-top pos-center align_left column_parent col-lg-12 single-internal-gutter\"><div class=\"uncol style-light\"  ><div class=\"uncoltable\"><div class=\"uncell no-block-padding\" ><div class=\"uncont\" ><div class=\"uncode_text_column\" ><\/p>\n<h4>Que es el &#8220;Tope del Gas&#8221;?<\/h4>\n<p>\n<\/div><div class=\"uncode_text_column\" ><p><span style=\"letter-spacing: 0px;\">El \u00abTope del Gas\u00bb es una medida temporal decretada por el gobierno. El objetivo de esta medida es regular el precio de la electricidad fijando un precio m\u00e1ximo para el gas. Este es el gas que se utiliza para la producci\u00f3n de electricidad.<\/span><\/p>\n<p><span style=\"letter-spacing: 0px;\">Esta medida actualmente se extiende desde el 15 de junio de 2022 hasta el 31 de mayo de 2023.<\/span><\/p>\n<\/div><\/div><\/div><\/div><\/div><\/div><script id=\"script-row-unique-2\" data-row=\"script-row-unique-2\" type=\"text\/javascript\" class=\"vc_controls\">UNCODE.initRow(document.getElementById(\"row-unique-2\"));<\/script><\/div><\/div><\/div><div data-parent=\"true\" class=\"vc_row row-container\" id=\"row-unique-3\"><div class=\"row limit-width row-parent\"><div class=\"wpb_row row-inner\"><div class=\"wpb_column pos-top pos-center align_left column_parent col-lg-3 single-internal-gutter\"><div class=\"uncol style-light\"  ><div class=\"uncoltable\"><div class=\"uncell no-block-padding\" ><div class=\"uncont\" ><\/div><\/div><\/div><\/div><\/div><div class=\"wpb_column pos-top pos-center align_left column_parent col-lg-6 single-internal-gutter\"><div class=\"uncol style-light\"  ><div class=\"uncoltable\"><div class=\"uncell no-block-padding\" ><div class=\"uncont\" ><div class=\"uncode_text_column\" ><\/p>\n<hr \/>\n<p>\n<\/div><\/div><\/div><\/div><\/div><\/div><div class=\"wpb_column pos-top pos-center align_left column_parent col-lg-3 single-internal-gutter\"><div class=\"uncol style-light\"  ><div class=\"uncoltable\"><div class=\"uncell no-block-padding\" ><div class=\"uncont\" ><\/div><\/div><\/div><\/div><\/div><script id=\"script-row-unique-3\" data-row=\"script-row-unique-3\" type=\"text\/javascript\" class=\"vc_controls\">UNCODE.initRow(document.getElementById(\"row-unique-3\"));<\/script><\/div><\/div><\/div><div data-parent=\"true\" class=\"vc_row row-container\" id=\"row-unique-4\"><div class=\"row limit-width row-parent\"><div class=\"wpb_row row-inner\"><div class=\"wpb_column pos-top pos-center align_left column_parent col-lg-12 single-internal-gutter\"><div class=\"uncol style-light\"  ><div class=\"uncoltable\"><div class=\"uncell no-block-padding\" ><div class=\"uncont\" ><div class=\"uncode_text_column\" ><\/p>\n<h4>\u00bfC\u00f3mo afectar\u00e1 esta medida a mi factura de la luz?<\/h4>\n<p>\n<\/div><div class=\"uncode_text_column\" ><p>Por un lado, los precios de la electricidad son actualmente m\u00e1s bajos que en los meses previos a la adopci\u00f3n de la medida \u00abTope del Gas\u00bb.<\/p>\n<p>Por otra parte: Las centrales el\u00e9ctricas compran gas en los mercados internacionales, donde no hay l\u00edmite y por lo tanto se utiliza el precio de mercado. Deben ser compensados econ\u00f3micamente por la diferencia entre el precio real y el precio \u00abtope\u00bb aplicable en Espa\u00f1a.<\/p>\n<p>La diferencia entre el precio de mercado y el precio tope se cobra a los usuarios. Se hace constar como partida de coste separada en las facturas \u00abTope del Gas\u00bb o \u00abCoste Intervenci\u00f3n gas RDL 10\/2022\u00bb<\/p>\n<\/div><\/div><\/div><\/div><\/div><\/div><script id=\"script-row-unique-4\" data-row=\"script-row-unique-4\" type=\"text\/javascript\" class=\"vc_controls\">UNCODE.initRow(document.getElementById(\"row-unique-4\"));<\/script><\/div><\/div><\/div><div data-parent=\"true\" class=\"vc_row row-container\" id=\"row-unique-5\"><div class=\"row limit-width row-parent\"><div class=\"wpb_row row-inner\"><div class=\"wpb_column pos-top pos-center align_left column_parent col-lg-3 single-internal-gutter\"><div class=\"uncol style-light\"  ><div class=\"uncoltable\"><div class=\"uncell no-block-padding\" ><div class=\"uncont\" ><\/div><\/div><\/div><\/div><\/div><div class=\"wpb_column pos-top pos-center align_left column_parent col-lg-6 single-internal-gutter\"><div class=\"uncol style-light\"  ><div class=\"uncoltable\"><div class=\"uncell no-block-padding\" ><div class=\"uncont\" ><div class=\"uncode_text_column\" ><\/p>\n<hr \/>\n<p>\n<\/div><\/div><\/div><\/div><\/div><\/div><div class=\"wpb_column pos-top pos-center align_left column_parent col-lg-3 single-internal-gutter\"><div class=\"uncol style-light\"  ><div class=\"uncoltable\"><div class=\"uncell no-block-padding\" ><div class=\"uncont\" ><\/div><\/div><\/div><\/div><\/div><script id=\"script-row-unique-5\" data-row=\"script-row-unique-5\" type=\"text\/javascript\" class=\"vc_controls\">UNCODE.initRow(document.getElementById(\"row-unique-5\"));<\/script><\/div><\/div><\/div><div data-parent=\"true\" class=\"vc_row row-container\" id=\"row-unique-6\"><div class=\"row limit-width row-parent\"><div class=\"wpb_row row-inner\"><div class=\"wpb_column pos-top pos-center align_left column_parent col-lg-12 single-internal-gutter\"><div class=\"uncol style-light\"  ><div class=\"uncoltable\"><div class=\"uncell no-block-padding\" ><div class=\"uncont\" ><div class=\"uncode_text_column\" ><\/p>\n<h4>\u00bfCu\u00e1l es la compensaci\u00f3n por &#8220;excedentes de autoconsumo&#8221;?<\/h4>\n<p>\n<\/div><div class=\"uncode_text_column\" ><p>La energ\u00eda que produces a trav\u00e9s de su instalaci\u00f3n de energ\u00eda solar y que no est\u00e1s utilizando en ese momento, se env\u00eda a la red el\u00e9ctrica. Recibir\u00e1s una compensaci\u00f3n por esta energ\u00eda.<\/p>\n<p>La retribuci\u00f3n m\u00ednima por kWh est\u00e1 fijada en el BOE pero puede variar ya que cada empresa puede proponer su propia retribuci\u00f3n. Hay empresas que, por ejemplo, se quedan con 0,05 \u20ac el kWh, pero los precios variables tambi\u00e9n son una posibilidad.<\/p>\n<p>La compensaci\u00f3n se liquida con la energ\u00eda consumida. En Espa\u00f1a no hay neteo, lo que significa que nunca te pagar\u00e1n pero podr\u00edas llevar el coste de la energ\u00eda consumida a 0 \u20ac. Solo pagas los costes fijos de su conexi\u00f3n<\/p>\n<\/div><\/div><\/div><\/div><\/div><\/div><script id=\"script-row-unique-6\" data-row=\"script-row-unique-6\" type=\"text\/javascript\" class=\"vc_controls\">UNCODE.initRow(document.getElementById(\"row-unique-6\"));<\/script><\/div><\/div><\/div><div data-parent=\"true\" class=\"vc_row row-container\" id=\"row-unique-7\"><div class=\"row limit-width row-parent\"><div class=\"wpb_row row-inner\"><div class=\"wpb_column pos-top pos-center align_left column_parent col-lg-3 single-internal-gutter\"><div class=\"uncol style-light\"  ><div class=\"uncoltable\"><div class=\"uncell no-block-padding\" ><div class=\"uncont\" ><\/div><\/div><\/div><\/div><\/div><div class=\"wpb_column pos-top pos-center align_left column_parent col-lg-6 single-internal-gutter\"><div class=\"uncol style-light\"  ><div class=\"uncoltable\"><div class=\"uncell no-block-padding\" ><div class=\"uncont\" ><div class=\"uncode_text_column\" ><\/p>\n<hr \/>\n<p>\n<\/div><\/div><\/div><\/div><\/div><\/div><div class=\"wpb_column pos-top pos-center align_left column_parent col-lg-3 single-internal-gutter\"><div class=\"uncol style-light\"  ><div class=\"uncoltable\"><div class=\"uncell no-block-padding\" ><div class=\"uncont\" ><\/div><\/div><\/div><\/div><\/div><script id=\"script-row-unique-7\" data-row=\"script-row-unique-7\" type=\"text\/javascript\" class=\"vc_controls\">UNCODE.initRow(document.getElementById(\"row-unique-7\"));<\/script><\/div><\/div><\/div><div data-parent=\"true\" class=\"vc_row row-container\" id=\"row-unique-8\"><div class=\"row limit-width row-parent\"><div class=\"wpb_row row-inner\"><div class=\"wpb_column pos-top pos-center align_left column_parent col-lg-12 single-internal-gutter\"><div class=\"uncol style-light\"  ><div class=\"uncoltable\"><div class=\"uncell no-block-padding\" ><div class=\"uncont\" ><div class=\"uncode_text_column\" ><\/p>\n<h4>\u00bfD\u00f3nde puedo ver la compensaci\u00f3n de lo que devuelvo a la red?<\/h4>\n<p>\n<\/div><div class=\"uncode_text_column\" ><p>Tan pronto como su sistema haya sido legalizado y el administrador de la red se haya puesto en contacto con su proveedor de energ\u00eda, el proveedor le ofrecer\u00e1 un cambio de contrato con respecto a la alimentaci\u00f3n.<\/p>\n<p>La compensaci\u00f3n ser\u00e1 entonces visible en la pr\u00f3xima factura como \u00abCompensaci\u00f3n Excedentes\u00bb o, por ejemplo, \u00abCompensaci\u00f3n Autoconsumo\u00bb.<\/p>\n<p>Vea un ejemplo de una factura a continuaci\u00f3n<\/p>\n<\/div><\/div><\/div><\/div><\/div><\/div><script id=\"script-row-unique-8\" data-row=\"script-row-unique-8\" type=\"text\/javascript\" class=\"vc_controls\">UNCODE.initRow(document.getElementById(\"row-unique-8\"));<\/script><\/div><\/div><\/div><div data-parent=\"true\" class=\"vc_row row-container\" id=\"row-unique-9\"><div class=\"row limit-width row-parent\"><div class=\"wpb_row row-inner\"><div class=\"wpb_column pos-top pos-center align_left column_parent col-lg-12 single-internal-gutter\"><div class=\"uncol style-light\"  ><div class=\"uncoltable\"><div class=\"uncell no-block-padding\" ><div class=\"uncont\" ><div class=\"uncode_text_column\" ><p><img decoding=\"async\" class=\"aligncenter size-full wp-image-12698\" src=\"https:\/\/www.solarnrg.es\/wp-content\/uploads\/2023\/06\/2-1.png\" alt=\"\" width=\"1414\" height=\"881\" \/><\/p>\n<\/div><\/div><\/div><\/div><\/div><\/div><script id=\"script-row-unique-9\" data-row=\"script-row-unique-9\" type=\"text\/javascript\" class=\"vc_controls\">UNCODE.initRow(document.getElementById(\"row-unique-9\"));<\/script><\/div><\/div><\/div><div data-parent=\"true\" class=\"vc_row row-container\" id=\"row-unique-10\"><div class=\"row limit-width row-parent\"><div class=\"wpb_row row-inner\"><div class=\"wpb_column pos-top pos-center align_left column_parent col-lg-12 single-internal-gutter\"><div class=\"uncol style-light\"  ><div class=\"uncoltable\"><div class=\"uncell no-block-padding\" ><div class=\"uncont\" ><div class=\"uncode_text_column\" ><\/p>\n<h4>El beneficio para nuestros clientes<\/h4>\n<p>\n<\/div><div class=\"uncode_text_column\" ><p>Los beneficios para nuestros clientes se pueden dividir en varias categor\u00edas:<\/p>\n<ul>\n<li><u>Generaci\u00f3n de los paneles solares<br \/>\n<\/u>Durante el d\u00eda generas electricidad a trav\u00e9s de los paneles solares que puedes utilizar inmediatamente. Lo que generas no se refleja en la factura de tu compa\u00f1\u00eda de energ\u00eda. Esto solo se puede ver en la aplicaci\u00f3n del sistema de energ\u00eda solar.<\/li>\n<li><u>Sistema con bater\u00edas<br \/>\n<\/u>Si durante el d\u00eda generas m\u00e1s de lo que consumes, este exceso de energ\u00eda se almacena en las bater\u00edas. Luego puede usar esta energ\u00eda por la noche, cuando los paneles solares no generan nada; todo esto sucede autom\u00e1ticamente.<br \/>\nEstos datos tambi\u00e9n se pueden leer en la aplicaci\u00f3n del sistema de energ\u00eda solar.<\/li>\n<li><u>Reenviar en la red<br \/>\n<\/u>Puedes ver la devoluci\u00f3n en la factura. Eso es lo que se llama bajo &#8220;con excedentes&#8221; o &#8220;autoconsumo&#8221;.<\/li>\n<\/ul>\n<p>A continuaci\u00f3n puede ver un ejemplo de una factura de uno de nuestros clientes <strong>antes<\/strong> de la compra de un sistema de energ\u00eda solar y una factura <strong>despu\u00e9s<\/strong> de la instalaci\u00f3n y la activaci\u00f3n de la alimentaci\u00f3n.<\/p>\n<p>\u00a1Una ventaja de nada menos que \u20ac 450,00!<\/p>\n<\/div><\/div><\/div><\/div><\/div><\/div><script id=\"script-row-unique-10\" data-row=\"script-row-unique-10\" type=\"text\/javascript\" class=\"vc_controls\">UNCODE.initRow(document.getElementById(\"row-unique-10\"));<\/script><\/div><\/div><\/div><div data-parent=\"true\" class=\"vc_row row-container\" id=\"row-unique-11\"><div class=\"row limit-width row-parent\"><div class=\"wpb_row row-inner\"><div class=\"wpb_column pos-top pos-center align_left column_parent col-lg-12 single-internal-gutter\"><div class=\"uncol style-light\"  ><div class=\"uncoltable\"><div class=\"uncell no-block-padding\" ><div class=\"uncont\" ><div class=\"uncode_text_column\" ><p><img decoding=\"async\" class=\"aligncenter size-full wp-image-12710\" src=\"https:\/\/www.solarnrg.es\/wp-content\/uploads\/2023\/06\/6-1.png\" alt=\"\" width=\"1414\" height=\"2000\" \/><\/p>\n<\/div><\/div><\/div><\/div><\/div><\/div><script id=\"script-row-unique-11\" data-row=\"script-row-unique-11\" type=\"text\/javascript\" class=\"vc_controls\">UNCODE.initRow(document.getElementById(\"row-unique-11\"));<\/script><\/div><\/div><\/div><div data-parent=\"true\" class=\"vc_row row-container\" id=\"row-unique-12\"><div class=\"row limit-width row-parent\"><div class=\"wpb_row row-inner\"><div class=\"wpb_column pos-top pos-center align_left column_parent col-lg-12 single-internal-gutter\"><div class=\"uncol style-light\"  ><div class=\"uncoltable\"><div class=\"uncell no-block-padding\" ><div class=\"uncont\" ><div class=\"uncode_text_column\" ><\/p>\n<h4>\u00bfA\u00fan no tienes un sistema de energ\u00eda solar y tambi\u00e9n te gustar\u00eda una factura muy reducida como la de nuestros clientes?<\/h4>\n<h4>Rellena el formulario de contacto de nuestra p\u00e1gina de contacto (<a href=\"https:\/\/solarnrg.es\/es\/contacto-paneles-solares-costa-blanca\/\">haz clic aqu\u00ed)\u00a0<\/a><\/h4>\n<h4 style=\"letter-spacing: normal;\">A continuaci\u00f3n, le enviaremos una oferta a medida lo antes posible.<\/h4>\n<p>\n<\/div><\/div><\/div><\/div><\/div><\/div><script id=\"script-row-unique-12\" data-row=\"script-row-unique-12\" type=\"text\/javascript\" class=\"vc_controls\">UNCODE.initRow(document.getElementById(\"row-unique-12\"));<\/script><\/div><\/div><\/div>\n<\/div>","protected":false},"excerpt":{"rendered":"Siempre solicitamos la factura de la luz para realizar un presupuesto a medida de un sistema de energ\u00eda solar. Una [...]","protected":false},"author":3,"featured_media":12664,"comment_status":"closed","ping_status":"closed","sticky":false,"template":"","format":"standard","meta":{"iawp_total_views":7,"footnotes":""},"categories":[19],"tags":[22,26],"class_list":["post-12682","post","type-post","status-publish","format-standard","has-post-thumbnail","hentry","category-news-es","tag-espana","tag-factura-de-luz"],"aioseo_notices":[],"_links":{"self":[{"href":"https:\/\/www.solarnrg.es\/nl\/wp-json\/wp\/v2\/posts\/12682","targetHints":{"allow":["GET"]}}],"collection":[{"href":"https:\/\/www.solarnrg.es\/nl\/wp-json\/wp\/v2\/posts"}],"about":[{"href":"https:\/\/www.solarnrg.es\/nl\/wp-json\/wp\/v2\/types\/post"}],"author":[{"embeddable":true,"href":"https:\/\/www.solarnrg.es\/nl\/wp-json\/wp\/v2\/users\/3"}],"replies":[{"embeddable":true,"href":"https:\/\/www.solarnrg.es\/nl\/wp-json\/wp\/v2\/comments?post=12682"}],"version-history":[{"count":2,"href":"https:\/\/www.solarnrg.es\/nl\/wp-json\/wp\/v2\/posts\/12682\/revisions"}],"predecessor-version":[{"id":12903,"href":"https:\/\/www.solarnrg.es\/nl\/wp-json\/wp\/v2\/posts\/12682\/revisions\/12903"}],"wp:featuredmedia":[{"embeddable":true,"href":"https:\/\/www.solarnrg.es\/nl\/wp-json\/wp\/v2\/media\/12664"}],"wp:attachment":[{"href":"https:\/\/www.solarnrg.es\/nl\/wp-json\/wp\/v2\/media?parent=12682"}],"wp:term":[{"taxonomy":"category","embeddable":true,"href":"https:\/\/www.solarnrg.es\/nl\/wp-json\/wp\/v2\/categories?post=12682"},{"taxonomy":"post_tag","embeddable":true,"href":"https:\/\/www.solarnrg.es\/nl\/wp-json\/wp\/v2\/tags?post=12682"}],"curies":[{"name":"wp","href":"https:\/\/api.w.org\/{rel}","templated":true}]}}