{"id":11064,"date":"2020-07-15T11:11:52","date_gmt":"2020-07-15T10:11:52","guid":{"rendered":"https:\/\/solarnrg.es\/?p=11064"},"modified":"2023-06-21T17:08:39","modified_gmt":"2023-06-21T16:08:39","slug":"espana-podria-alcanzar-un-millon-de-tejados-solares-en-2025","status":"publish","type":"post","link":"https:\/\/www.solarnrg.es\/nl\/espana-podria-alcanzar-un-millon-de-tejados-solares-en-2025\/","title":{"rendered":"Espa\u00f1a podr\u00eda alcanzar un mill\u00f3n de tejados solares en 2025"},"content":{"rendered":"<div class=\"wpb-content-wrapper\"><div data-parent=\"true\" class=\"vc_row row-container\" id=\"row-unique-0\"><div class=\"row limit-width row-parent\"><div class=\"wpb_row row-inner\"><div class=\"wpb_column pos-top pos-center align_left column_parent col-lg-12 single-internal-gutter\"><div class=\"uncol style-light\"  ><div class=\"uncoltable\"><div class=\"uncell no-block-padding\" ><div class=\"uncont\" ><div class=\"uncode_text_column\" ><p>El Observatorio de Sostenibilidad (OS) public\u00f3 en mayo de este a\u00f1o el informe \u201c1 mill\u00f3n de tejados solares en Espa\u00f1a\u201d que dise\u00f1a, de una forma preliminar el potencial de producci\u00f3n de electricidad solar de los tejados de toda Espa\u00f1a que actualmente se banaliza (utilidad, terrenos con uso alternativo, ocupaci\u00f3n permanente, etc.) con los importantes beneficios que ello conllevar\u00eda; y se\u00f1ala el esquema de lo que deber\u00eda ser un plan de Estado, combinando la planificaci\u00f3n de la Administraci\u00f3n General del Estado y la gesti\u00f3n administrativa de las Comunidades Aut\u00f3nomas y Entidades Locales, con las empresas y los ciudadanos para instalar generadores solares en todos los tejados disponibles del pa\u00eds.\u00a0 El resultado global ser\u00eda una central solar distribuida entre las ciudades y los pueblos de Espa\u00f1a al servicio de las PYMES y de los propios ciudadanos. La instalaci\u00f3n ayudar\u00eda a reducir las emisiones de gases de efecto invernadero, crear\u00eda empleo, mejorar\u00eda el precio que deben pagar por el consumo el\u00e9ctrico tendente a una econom\u00eda circular inclusiva; alej\u00e1ndonos definitivamente de una dependencia energ\u00e9tica inasumible por innecesaria.<\/p>\n<p>El Observatorio de Sostenibilidad ha analizado cu\u00e1l es la capacidad de producci\u00f3n de energ\u00eda fotovoltaica de los tejados de Espa\u00f1a estimando la disponibilidad real de superficies activas, a trav\u00e9s de un an\u00e1lisis satelital y aplicaci\u00f3n de algoritmos diversos, utilizando herramientas del IGN. Con esta metodolog\u00eda se ha alcanzado una estimaci\u00f3n que deber\u00e1 confirmarse en trabajos posteriores y que avanza un valor de superficie total disponible en tejados y superficies planas para la captaci\u00f3n solar en Espa\u00f1a, despu\u00e9s de reducir, acotar y ajustar los valores de superficie \u00fatil, el OS ha estimado en un total de 352.052\u00a0ha o el 0,7% de la superficie espa\u00f1ola.\u00a0Si se incluyen fachadas verticales y otras superficies disponibles estos datos son, sin duda, mucho mayores. A pesar de ello y haciendo una estimaci\u00f3n conservadora sobre las capacidades del pa\u00eds se ha calculado que la superficie m\u00e1s viable seria de un total de 176.026 hect\u00e1reas.<\/p>\n<p>El 1 mill\u00f3n de tejados solares, podr\u00eda estar finalizado en 2025, implicar\u00eda unas 17.603 hect\u00e1reas, (17.673 campos de futbol) distribuidas entre las diferentes comunidades aut\u00f3nomas y supondr\u00eda una potencia instalable de 10.400 MW y una energ\u00eda producible de 15.500 GWh\/a\u00f1o y se evitar\u00edan 4,2millones de toneladas de CO2. Las inversiones a ejecutar podr\u00edan ser 14.500 millones de euros, de origen p\u00fablico-privadas, calculando una estimaci\u00f3n generosa de unos 14.000 euros por instalaci\u00f3n. Los periodos de recuperaci\u00f3n de la inversi\u00f3n serian 5,7 a\u00f1os. Con estos paneles se llegar\u00eda a 7,45 millones de personas abastecidas por energ\u00eda solar y generar\u00edan empleo en operaci\u00f3n y mantenimiento del orden de 15.532 personas. Estos plazos e inversiones son perfectamente asumibles. En el a\u00f1o 2030 se podr\u00eda llegar a 2,9 millones de tejados soalres y en el a\u00f1o 2050 a 25,9 millones de tejados solares que cubrir\u00edan las 176.000 hect\u00e1reas disponibles. Esta iniciativa estrat\u00e9gica ir\u00eda en la l\u00ednea de otras actuaciones internacionales como\u00a0<a href=\"http:\/\/www.gosolarcalifornia.ca.gov\/\">\u201cUn mill\u00f3n de tejados solares en California\u201d<\/a>\u00a0o la existente en Australia, Jap\u00f3n o Alemania; aportando una contribuci\u00f3n decisiva, desde el lado de la demanda, del sector dom\u00e9stico, servicios y peque\u00f1as industrias, pasando de consumidores natos, a prosumidores en l\u00ednea con los objetivos de la COP-25 con una disminuci\u00f3n significativas de las emisiones de gases de efecto invernadero. Las causas son muy diversas, pero fundamentalmente la oposici\u00f3n de las grandes compa\u00f1\u00edas y la falta de legislaci\u00f3n favorable para su desarrollo.<\/p>\n<p>Juan A. Avellaner, doctor ingeniero industrial, consultor en renovables, del Comit\u00e9 cient\u00edfico del OS, principal responsable del estudio y uno de los mayores expertos (40 a\u00f1os de experiencia activando las energ\u00edas renovables en Espa\u00f1a), concluye que \u201cya es hora de pasar del plan a los hechos, sobre todo en las ciudades y con actores dispersos como\u00a0 los ciudadanos, principalmente\u201d;\u00a0 y, que, \u201can\u00e1lisis como \u00e9ste que presenta el OS, deben contribuir a materializar la realidad del potencial energ\u00e9tico del pa\u00eds, hasta ahora, se dec\u00eda, escaso de recursos energ\u00e9ticos; reducir las emisiones de CO2, disminuir la dependencia energ\u00e9tica y madurar la estrategia que deber\u00e1 acelerarse para alcanzar el 35%\u00a0 de aporte de las renovables al mix energ\u00e9tico primario (EUC) al 2030\u201d.<\/p>\n<p>Por su parte,\u00a0Ra\u00fal Est\u00e9vez, tambi\u00e9n del OS, responsable de los c\u00e1lculos y estimaciones de la disponibilidad real de superficies activas, se\u00f1ala que: \u201chemos aplicado herramientas de an\u00e1lisis satelital y software adecuados al tratamiento de datos para alcanzar la estimaci\u00f3n de superficies disponibles\u201d. Adem\u00e1s, indica que \u201clos c\u00e1lculos han sido conservadores\u201d y que \u201clas superficies fotovoltaicas estimadas pueden ser ampliables a las superficies verticales, rascacielos y otras fachadas susceptibles de poder integrar paneles fotovoltaicos\u201d. El c\u00e1lculo preliminar todav\u00eda debe de ser matizado con otras fuentes de informaci\u00f3n; pero s\u00ed dan una dimensi\u00f3n de proyecto. En concreto, el c\u00e1lculo de la superficie disponibles se ha realizado a partir del Sistema de Informaci\u00f3n de Ocupaci\u00f3n del Suelo de Espa\u00f1a (SIOSE) que determina 124 categor\u00edas de ocupaci\u00f3n del suelo y las im\u00e1genes m\u00e1s recientes disponibles del Plan Nacional de Ortofoto A\u00e9reo (PNOA); ambos productos generados por el Instituto Geogr\u00e1fico Nacional (IGN) con detalles de 35 cent\u00edmetros; superficie que ha sido acotada por bloqueos solares y otros criterios.<\/p>\n<p>Fernando Prieto, del OS, \u201cel proyecto de cubrir los tejados de Espa\u00f1a se deber\u00eda haber iniciado hace ya mucho tiempo como en California, Australia o Alemania, pero con los precios actuales no se puede esperar ni un d\u00eda m\u00e1s. Es una apuesta decidida por la sostenibilidad desde la ciudadan\u00eda; que genera empleo local; ayuda a superar la pobreza energ\u00e9tica, adaptarse al cambio clim\u00e1tico; y, producir\u00e1 ahorros directos a todos los ciudadanos\u201d. Se trata de que \u201ctodo el mundo que pueda, ponga sus tejados solares con o sin conexi\u00f3n a las redes el\u00e9ctricas\u201d.<\/p>\n<p>Todos los autores concluyen que se trata de \u201caprovechar un recurso sin utilizar, en el que ganamos todos, que llevamos decenios sin utilizar a pesar de tener la tecnolog\u00eda, un sinsentido que se siga desaprovechando en el siglo XXI y un poderoso activo para luchar contra la emergencia clim\u00e1tica.\u201d<\/p>\n<p>Por tanto, un\u00a0objetivo\u00a0como el propuesto que alcanzar\u00eda el uso aproximadamente del 50% de la superficie \u00fatil disponible en tejados para la\u00a0generaci\u00f3n el\u00e9ctrica; representa adem\u00e1s de una oportunidad de contribuir colaborativamente y de forma distribuida al\u00a0cumplimiento de objetivos energ\u00e9ticos y medioambientales, desde el entorno\u00a0 ciudad, a la creaci\u00f3n de un nuevo ecosistema de generaci\u00f3n y consumo participativo, y, en suma, la asunci\u00f3n de niveles de responsabilidad sobre el uso de la energ\u00eda desde los propios ciudadanos. Y, dentro de las aplicaciones,\u00a0el autoconsumo es uno de los modelos de asunci\u00f3n de responsabilidades individuales, independientemente del contexto regulatorio que tratar\u00e1 de mantener los viejos modelos centralizados, que necesitan una modernizaci\u00f3n por la entrada masiva de tecnolog\u00edas renovables distribuidas, intr\u00ednsecamente sostenibles, frente a otras opciones con impactos inasumibles.<\/p>\n<p>En un plazo de 5 a\u00f1os m\u00e1s es decir hasta 2030, (dentro de 10 a\u00f1os) se llegar\u00eda a 2,9 millones de instalaciones de tejados solares, lo que supondr\u00eda dar abastecimiento a 14 millones de personas abastecidas por energ\u00eda fotovoltaica en los tejados, generando 39.000 empleos, se evitar\u00edan 10,5 millones de toneladas de CO2, las inversiones a ejecutar serian de 32.617 millones de euros y la energ\u00eda producible seria de 39.000 GWh, la potencia instalable de 26.000 MW y el \u00e1rea a poner tejados solares seria de 44.000 hect\u00e1reas.<\/p>\n<\/div><\/div><\/div><\/div><\/div><\/div><script id=\"script-row-unique-0\" data-row=\"script-row-unique-0\" type=\"text\/javascript\" class=\"vc_controls\">UNCODE.initRow(document.getElementById(\"row-unique-0\"));<\/script><\/div><\/div><\/div>\n<\/div>","protected":false},"excerpt":{"rendered":"<p>Seg\u00fan el informe \u201c1 mill\u00f3n de tejados solares en Espa\u00f1a\u201d realizado por el Observatorio de Sostenibilidad, en 2025 se podr\u00eda producir f\u00e1cilmente 15.400 GWh, suficiente para abastecer todo el sistema no peninsular o m\u00e1s de la sexta parte de la poblaci\u00f3n de Espa\u00f1a (una poblaci\u00f3n de 7,5 millones de personas). Se generar\u00edan 15.532 empleos, y en tan solo 5,7 a\u00f1os se recuperar\u00edan las inversiones.<\/p>","protected":false},"author":3,"featured_media":11082,"comment_status":"closed","ping_status":"closed","sticky":false,"template":"","format":"standard","meta":{"iawp_total_views":8,"footnotes":""},"categories":[19],"tags":[22,27,28],"class_list":["post-11064","post","type-post","status-publish","format-standard","has-post-thumbnail","hentry","category-news-es","tag-espana","tag-paneles-solares","tag-energia-solar"],"aioseo_notices":[],"_links":{"self":[{"href":"https:\/\/www.solarnrg.es\/nl\/wp-json\/wp\/v2\/posts\/11064","targetHints":{"allow":["GET"]}}],"collection":[{"href":"https:\/\/www.solarnrg.es\/nl\/wp-json\/wp\/v2\/posts"}],"about":[{"href":"https:\/\/www.solarnrg.es\/nl\/wp-json\/wp\/v2\/types\/post"}],"author":[{"embeddable":true,"href":"https:\/\/www.solarnrg.es\/nl\/wp-json\/wp\/v2\/users\/3"}],"replies":[{"embeddable":true,"href":"https:\/\/www.solarnrg.es\/nl\/wp-json\/wp\/v2\/comments?post=11064"}],"version-history":[{"count":1,"href":"https:\/\/www.solarnrg.es\/nl\/wp-json\/wp\/v2\/posts\/11064\/revisions"}],"predecessor-version":[{"id":13285,"href":"https:\/\/www.solarnrg.es\/nl\/wp-json\/wp\/v2\/posts\/11064\/revisions\/13285"}],"wp:featuredmedia":[{"embeddable":true,"href":"https:\/\/www.solarnrg.es\/nl\/wp-json\/wp\/v2\/media\/11082"}],"wp:attachment":[{"href":"https:\/\/www.solarnrg.es\/nl\/wp-json\/wp\/v2\/media?parent=11064"}],"wp:term":[{"taxonomy":"category","embeddable":true,"href":"https:\/\/www.solarnrg.es\/nl\/wp-json\/wp\/v2\/categories?post=11064"},{"taxonomy":"post_tag","embeddable":true,"href":"https:\/\/www.solarnrg.es\/nl\/wp-json\/wp\/v2\/tags?post=11064"}],"curies":[{"name":"wp","href":"https:\/\/api.w.org\/{rel}","templated":true}]}}