{"id":16043,"date":"2025-01-29T14:37:47","date_gmt":"2025-01-29T14:37:47","guid":{"rendered":"https:\/\/www.solarnrg.es\/?p=16043"},"modified":"2025-01-28T14:38:11","modified_gmt":"2025-01-28T14:38:11","slug":"un-comienzo-costoso","status":"publish","type":"post","link":"https:\/\/www.solarnrg.es\/es\/un-comienzo-costoso\/","title":{"rendered":"\u00a1Un comienzo costoso!"},"content":{"rendered":"<div class=\"wpb-content-wrapper\"><div data-parent=\"true\" class=\"vc_row row-container\" id=\"row-unique-0\"><div class=\"row limit-width row-parent\"><div class=\"wpb_row row-inner\"><div class=\"wpb_column pos-top pos-center align_left column_parent col-lg-12 single-internal-gutter\"><div class=\"uncol style-light\"  ><div class=\"uncoltable\"><div class=\"uncell no-block-padding\" ><div class=\"uncont\" ><div class=\"uncode_text_column\" ><p>El a\u00f1o 2025 ha empezado con una mala noticia, la subida del IVA de la luz del 10% al 21%. Esto supone que la factura de enero ha sido un 10% m\u00e1s cara que la de diciembre.<\/p>\n<p>Adem\u00e1s, cada a\u00f1o se revisan muchos contratos de luz, lo que puede suponer un aumento de la tarifa de entre 0,01 y 0,03 \u20ac\/kWh. Aunque se trata de un cambio peque\u00f1o, puede notarse mucho en la factura final con un consumo elevado, sobre todo en la factura de diciembre.<\/p>\n<\/div><div class=\"uncode_text_column\" ><\/p>\n<h4><strong>Los meses de invierno<br \/>\n<\/strong><\/h4>\n<p>El mes de diciembre suele ser el m\u00e1s caro del a\u00f1o en cuanto a facturas de energ\u00eda. Durante este mes, suele haber un mayor consumo en el hogar, especialmente durante las noches fr\u00edas.<\/p>\n<p>Esto se traduce en una factura m\u00e1s alta de lo habitual.<\/p>\n<p>\n<\/div><div class=\"uncode_text_column\" ><\/p>\n<h4><strong>Bater\u00eda virtual<br \/>\n<\/strong><\/h4>\n<p>Sin embargo, hemos visto facturas de luz de nuestros clientes en las que la factura de diciembre no fue tan alta, a pesar del mayor consumo en la casa y el rendimiento ligeramente menor de los paneles solares. Esto se debe a que tienen una bater\u00eda virtual.<\/p>\n<p>Estos clientes enviaron mucha energ\u00eda a la red durante los meses soleados, por lo que recibieron una compensaci\u00f3n. Sin embargo, su consumo de energ\u00eda fue menor que la compensaci\u00f3n y, por lo tanto, pudieron acumular un saldo en la bater\u00eda virtual.<\/p>\n<p>Luego utilizaron este saldo en la factura de diciembre para compensar esta factura lo m\u00e1ximo posible.<\/p>\n<p>\n<\/div><div class=\"uncode_text_column\" ><\/p>\n<h4><strong>\u00bfQue podemos hacer por usted?<\/strong><\/h4>\n<ul>\n<li><strong>\u00bfYa tienes una instalaci\u00f3n de energ\u00eda solar y crees que tu tarifa es elevada o que a\u00fan no recibes compensaci\u00f3n por la energ\u00eda que devuelves a la red?<br \/>\n<\/strong>Env\u00edanos tu \u00faltima factura de luz y la revisaremos, te asesoraremos y, en caso necesario, podremos implementar mejoras.<\/li>\n<\/ul>\n<p>\n<\/div><div class=\"uncode_text_column\" ><\/p>\n<ul>\n<li><strong>\u00bfYa tienes una instalaci\u00f3n de energ\u00eda solar y te gustar\u00eda ampliarla para poder producir tambi\u00e9n m\u00e1s energ\u00eda solar?<br \/>\n<\/strong>Podemos revisar contigo tu consumo energ\u00e9tico, asesorarte sobre una ampliaci\u00f3n y elaborar un presupuesto que se ajuste a tus nuevas necesidades.<\/li>\n<\/ul>\n<p>\n<\/div><div class=\"uncode_text_column\" ><\/p>\n<ul>\n<li><strong>\u00bfA\u00fan no dispone de una instalaci\u00f3n de energ\u00eda solar, pero le gustar\u00eda adquirir una?<br \/>\n<\/strong>Podemos facilitar un presupuesto sin compromiso y, si lo desea, visitarle usted para evaluar su situaci\u00f3n.<\/li>\n<\/ul>\n<p>\n<\/div><span class=\"btn-container\" ><a role=\"button\"  href=\"https:\/\/www.solarnrg.es\/es\/presupuesto\/\" class=\"custom-link btn btn-lg border-width-0 btn-color-vyce btn-icon-left\"><i class=\"fa fa-document\"><\/i>Contacta con nosotros aqu\u00ed<\/a><\/span><\/div><\/div><\/div><\/div><\/div><script id=\"script-row-unique-0\" data-row=\"script-row-unique-0\" type=\"text\/javascript\" class=\"vc_controls\">UNCODE.initRow(document.getElementById(\"row-unique-0\"));<\/script><\/div><\/div><\/div><div data-parent=\"true\" class=\"vc_row row-container\" id=\"row-unique-1\"><div class=\"row limit-width row-parent\"><div class=\"wpb_row row-inner\"><div class=\"wpb_column pos-top pos-center align_left column_parent col-lg-12 single-internal-gutter\"><div class=\"uncol style-light\"  ><div class=\"uncoltable\"><div class=\"uncell no-block-padding\" ><div class=\"uncont\" ><\/div><\/div><\/div><\/div><\/div><script id=\"script-row-unique-1\" data-row=\"script-row-unique-1\" type=\"text\/javascript\" class=\"vc_controls\">UNCODE.initRow(document.getElementById(\"row-unique-1\"));<\/script><\/div><\/div><\/div>\n<\/div>","protected":false},"excerpt":{"rendered":"El a\u00f1o 2025 ha empezado con una mala noticia, la subida del IVA de la luz del 10% al 21%. [...]","protected":false},"author":4,"featured_media":16036,"comment_status":"closed","ping_status":"closed","sticky":false,"template":"","format":"standard","meta":{"iawp_total_views":3,"footnotes":""},"categories":[19],"tags":[43,89,92,118,123,172,173,174],"class_list":["post-16043","post","type-post","status-publish","format-standard","has-post-thumbnail","hentry","category-news-es","tag-solarnrg","tag-paneles-solar","tag-ahorrar","tag-solar-energia","tag-ahorrar-con-solar","tag-subvencion","tag-energia-renovable","tag-autoconsumo"],"aioseo_notices":[],"_links":{"self":[{"href":"https:\/\/www.solarnrg.es\/es\/wp-json\/wp\/v2\/posts\/16043","targetHints":{"allow":["GET"]}}],"collection":[{"href":"https:\/\/www.solarnrg.es\/es\/wp-json\/wp\/v2\/posts"}],"about":[{"href":"https:\/\/www.solarnrg.es\/es\/wp-json\/wp\/v2\/types\/post"}],"author":[{"embeddable":true,"href":"https:\/\/www.solarnrg.es\/es\/wp-json\/wp\/v2\/users\/4"}],"replies":[{"embeddable":true,"href":"https:\/\/www.solarnrg.es\/es\/wp-json\/wp\/v2\/comments?post=16043"}],"version-history":[{"count":3,"href":"https:\/\/www.solarnrg.es\/es\/wp-json\/wp\/v2\/posts\/16043\/revisions"}],"predecessor-version":[{"id":16074,"href":"https:\/\/www.solarnrg.es\/es\/wp-json\/wp\/v2\/posts\/16043\/revisions\/16074"}],"wp:featuredmedia":[{"embeddable":true,"href":"https:\/\/www.solarnrg.es\/es\/wp-json\/wp\/v2\/media\/16036"}],"wp:attachment":[{"href":"https:\/\/www.solarnrg.es\/es\/wp-json\/wp\/v2\/media?parent=16043"}],"wp:term":[{"taxonomy":"category","embeddable":true,"href":"https:\/\/www.solarnrg.es\/es\/wp-json\/wp\/v2\/categories?post=16043"},{"taxonomy":"post_tag","embeddable":true,"href":"https:\/\/www.solarnrg.es\/es\/wp-json\/wp\/v2\/tags?post=16043"}],"curies":[{"name":"wp","href":"https:\/\/api.w.org\/{rel}","templated":true}]}}