{"id":11030,"date":"2020-05-30T11:51:11","date_gmt":"2020-05-30T10:51:11","guid":{"rendered":"https:\/\/solarnrg.es\/?p=11030"},"modified":"2023-06-21T17:12:24","modified_gmt":"2023-06-21T16:12:24","slug":"la-columna-de-unef-el-impulso-al-autoconsumo-desde-las-ccaa-debe-empezar-con-la-exencion-de-la-licencia-de-obras","status":"publish","type":"post","link":"https:\/\/www.solarnrg.es\/es\/la-columna-de-unef-el-impulso-al-autoconsumo-desde-las-ccaa-debe-empezar-con-la-exencion-de-la-licencia-de-obras\/","title":{"rendered":"La columna de UNEF: El impulso al autoconsumo desde las CCAA debe empezar con la exenci\u00f3n de la licencia de obras"},"content":{"rendered":"<div class=\"wpb-content-wrapper\"><div data-parent=\"true\" class=\"vc_row row-container\" id=\"row-unique-0\"><div class=\"row limit-width row-parent\"><div class=\"wpb_row row-inner\"><div class=\"wpb_column pos-top pos-center align_left column_parent col-lg-12 single-internal-gutter\"><div class=\"uncol style-light\"  ><div class=\"uncoltable\"><div class=\"uncell no-block-padding\" ><div class=\"uncont\" ><div class=\"uncode_text_column\" ><p>En las primeras semanas de la crisis sanitaria, y ya conscientes de las inevitables repercusiones econ\u00f3micas, lanzamos una encuesta a las m\u00e1s de 400 empresas asociadas a UNEF. Quer\u00edamos analizar qu\u00e9 impacto estaba teniendo el obligado y necesario par\u00f3n por la crisis sanitaria y revisar con ellas qu\u00e9 medidas deber\u00edamos trabajar y priorizar desde el sector.<\/p>\n<p>Para las grandes plantas, las respuestas a la encuesta nos mostraron que, si bien el sector preve\u00eda retrasos, tanto por la incapacidad de iniciar tr\u00e1mites, como por las posteriores restricciones a la circulaci\u00f3n de trabajadores, se interpretaba mayoritariamente como una situaci\u00f3n coyuntural. En cambio, el sector del autoconsumo, formado mayoritariamente por un entramado de aut\u00f3nomos y PYMES, muchos de los cuales empezaban a consolidarse tras un a\u00f1o r\u00e9cord propulsado por la reciente regulaci\u00f3n, s\u00ed se ve\u00eda golpeado con m\u00e1s fuerza, ech\u00e1ndose el freno de mano a su actividad. En cuanto a las medidas m\u00e1s reclamadas por las empresas dedicadas al autoconsumo, se pudieron resumir en dos grandes peticiones: mayor agilidad administrativa y apoyo a los consumidores para activar una demanda que puede verse afectada por la crisis econ\u00f3mica.<\/p>\n<p>Centr\u00e1ndonos en las medidas para lograr una mayor agilidad administrativa, que las instalaciones de autoconsumo est\u00e9n exentas de la licencia de obras fue la m\u00e1s recurrente, a la que siguieron, en este orden, digitalizar la administraci\u00f3n, dot\u00e1ndola de medios para poder trabajar de forma telem\u00e1tica, avanzar en la actualizaci\u00f3n y puesta al d\u00eda de las tramitaciones pendientes y modificar el sistema de mayor\u00edas que establece la Ley de Propiedad Horizontal para facilitar el autoconsumo colectivo. Las empresas tambi\u00e9n se hicieron eco de que sigue siendo necesaria inversi\u00f3n por parte de las administraciones para dar a conocer los beneficios del autoconsumo a la ciudadan\u00eda.<\/p>\n<p>As\u00ed pues, y volviendo a la petici\u00f3n m\u00e1s recurrente de las empresas cuando hablamos de la necesidad de simplificar la tramitaci\u00f3n administrativa, desde UNEF se ha trabajado en una propuesta a las CCAA donde solicitamos que las instalaciones de autoconsumo fotovoltaico sobre cubierta se tramiten v\u00eda comunicaci\u00f3n previa. Concretamente, y para evitar impacto visual, las instalaciones exentas de licencia de obras no deber\u00e1n superar el metro y medio de altura desde el plano de la cubierta o, en el caso de cubierta inclinada, los paneles se colocar\u00e1n en paralelo a la cubierta o no superar\u00e1n el metro de altura. Por supuesto, siempre considerando las excepciones que puedan existir en edificios protegidos por raz\u00f3n de patrimonio. Y porque en Espa\u00f1a contamos con m\u00e1s de 8.000 ayuntamientos, donde algunos llegan a incluso solicitar licencia de obra mayor, es importante que la comunicaci\u00f3n previa se establezca a trav\u00e9s de un decreto ley a nivel auton\u00f3mico.<\/p>\n<p>En Espa\u00f1a tenemos varias Comunidades Aut\u00f3nomas que han eximido ya a las instalaciones de autoconsumo sobre cubierta de la licencia de obras, entre las que se encuentran la pionera Illes Balears, Extremadura, Catalu\u00f1a, Valencia, Galicia y parcialmente Andaluc\u00eda. Madrid ha anunciado recientemente, a falta de conocer el detalle, que tambi\u00e9n facilitar\u00e1 el autoconsumo eximi\u00e9ndolo de la licencia de obras. Tampoco a los ciudadanos alemanes, italianos u holandeses, entre otros, les requieren sus administraciones una licencia de obra, de acuerdo a un estudio que realizamos junto a SolarPower Europe, la asociaci\u00f3n fotovoltaica europea.<\/p>\n<p>No s\u00e9 si veremos a todas las Comunidades Aut\u00f3nomas comprometidas con el autoconsumo eximi\u00e9ndolo de la licencia de obras. Pero s\u00ed hay motivos para ser optimistas y al acabar el a\u00f1o podr\u00edan ya ser pocas las CCAA que no hayan identificado este tr\u00e1mite como una traba innecesaria al autoconsumo, una actividad econ\u00f3mica que sigue batiendo marcas en creaci\u00f3n de empleo de larga duraci\u00f3n y de kil\u00f3metro cero, tan necesario en la coyuntura actual.<\/p>\n<\/div><\/div><\/div><\/div><\/div><\/div><script id=\"script-row-unique-0\" data-row=\"script-row-unique-0\" type=\"text\/javascript\" class=\"vc_controls\">UNCODE.initRow(document.getElementById(\"row-unique-0\"));<\/script><\/div><\/div><\/div>\n<\/div>","protected":false},"excerpt":{"rendered":"<p>No s\u00e9 si veremos a todas las Comunidades Aut\u00f3nomas comprometidas con el autoconsumo eximi\u00e9ndolo de la licencia de obras. Pero s\u00ed hay motivos para ser optimistas y al acabar el a\u00f1o podr\u00edan ya ser pocas las CCAA que no hayan identificado este tr\u00e1mite como una traba innecesaria al autoconsumo, una actividad econ\u00f3mica que sigue batiendo marcas en creaci\u00f3n de empleo de larga duraci\u00f3n y de kil\u00f3metro cero, tan necesario en la coyuntura actual.<\/p>","protected":false},"author":3,"featured_media":11073,"comment_status":"closed","ping_status":"closed","sticky":false,"template":"","format":"standard","meta":{"iawp_total_views":1,"footnotes":""},"categories":[19],"tags":[22,37],"class_list":["post-11030","post","type-post","status-publish","format-standard","has-post-thumbnail","hentry","category-news-es","tag-espana","tag-energias-renovables"],"aioseo_notices":[],"_links":{"self":[{"href":"https:\/\/www.solarnrg.es\/es\/wp-json\/wp\/v2\/posts\/11030","targetHints":{"allow":["GET"]}}],"collection":[{"href":"https:\/\/www.solarnrg.es\/es\/wp-json\/wp\/v2\/posts"}],"about":[{"href":"https:\/\/www.solarnrg.es\/es\/wp-json\/wp\/v2\/types\/post"}],"author":[{"embeddable":true,"href":"https:\/\/www.solarnrg.es\/es\/wp-json\/wp\/v2\/users\/3"}],"replies":[{"embeddable":true,"href":"https:\/\/www.solarnrg.es\/es\/wp-json\/wp\/v2\/comments?post=11030"}],"version-history":[{"count":1,"href":"https:\/\/www.solarnrg.es\/es\/wp-json\/wp\/v2\/posts\/11030\/revisions"}],"predecessor-version":[{"id":13289,"href":"https:\/\/www.solarnrg.es\/es\/wp-json\/wp\/v2\/posts\/11030\/revisions\/13289"}],"wp:featuredmedia":[{"embeddable":true,"href":"https:\/\/www.solarnrg.es\/es\/wp-json\/wp\/v2\/media\/11073"}],"wp:attachment":[{"href":"https:\/\/www.solarnrg.es\/es\/wp-json\/wp\/v2\/media?parent=11030"}],"wp:term":[{"taxonomy":"category","embeddable":true,"href":"https:\/\/www.solarnrg.es\/es\/wp-json\/wp\/v2\/categories?post=11030"},{"taxonomy":"post_tag","embeddable":true,"href":"https:\/\/www.solarnrg.es\/es\/wp-json\/wp\/v2\/tags?post=11030"}],"curies":[{"name":"wp","href":"https:\/\/api.w.org\/{rel}","templated":true}]}}